{"id":5800,"date":"2016-09-08T09:35:23","date_gmt":"2016-09-08T13:35:23","guid":{"rendered":"https:\/\/allseniorscare.wpenginepowered.com\/fr\/?p=5800"},"modified":"2016-09-12T09:59:23","modified_gmt":"2016-09-12T13:59:23","slug":"inauguration-residence-pour-retraites-chapel-hill-demain","status":"publish","type":"post","link":"https:\/\/asc.hellowebsites.ca\/fr\/inauguration-residence-pour-retraites-chapel-hill-demain\/","title":{"rendered":"Inauguration \u2013 R\u00e9sidence pour retrait\u00e9s Chapel Hill!"},"content":{"rendered":"<p>Jeudi, 8 septembre, repr\u00e9sentants du gouvernement, chefs spirituels et membres de la communaut\u00e9 assisteront \u00e0 l\u2019ouverture officielle de la R\u00e9sidence Chapel Hill. Les repr\u00e9sentants nomm\u00e9s ci-dessous prendrons la parole lors de la c\u00e9r\u00e9monie d&rsquo;inauguration afin de f\u00e9liciter la nouvelle communaut\u00e9 et leur offrir de bons souhaits:<br \/>\n\u2022 L&rsquo;honorable Andrew Leslie, d\u00e9put\u00e9 f\u00e9d\u00e9ral d\u2019Orl\u00e9ans<br \/>\n\u2022 L\u2019honorable Marie France Lalonde, d\u00e9put\u00e9 provincial d&rsquo;Ottawa-Orl\u00e9ans<br \/>\n\u2022 Son Honneur Jim Watson, maire de la Ville d&rsquo;Ottawa<\/p>\n<p>Date: Jeudi, 8 septembre<br \/>\nHeure: 11h00 \u00e0 13h00<br \/>\nLieu: R\u00e9sidence Chapel Hill<br \/>\n2305 chemin Pag\u00e9<br \/>\n613.804.2273<\/p>\n<p>Les invit\u00e9s pourront \u00e9galement jouir d\u2019un succulent repas pr\u00e9par\u00e9 par le chef ex\u00e9cutif de la R\u00e9sidence Chapel Hill, Jan Pronko. Tous auront l\u2019opportunit\u00e9 de visiter cette \u00e9l\u00e9gante r\u00e9sidence pour retrait\u00e9s de 157 suites, situ\u00e9e au c\u0153ur d\u2019Orl\u00e9ans.<\/p>\n<p>Coordonn\u00e9es \u2013 Renseignements de l\u2019\u00e9v\u00e9nement:<br \/>\nAfin d\u2019organiser une entrevue m\u00e9diatique ou pour de plus amples renseignements, communiquer avec Monique Thibodeau-Laflamme, mlaflamme@asc.hellowebsites.ca ou appelez au 613.915.2154<\/p>\n<p>Au sujet de All Seniors Living Centres Ltd.:<br \/>\nChez All Seniors Care, votre bien-\u00eatre est notre priorit\u00e9. Nous sommes fiers de d\u00e9finir la norme de l\u2019excellence dans le secteur des r\u00e9sidences pour retrait\u00e9s luxueuses. Fond\u00e9e sur un engagement ind\u00e9fectible envers l\u2019excellence, nous vous offrons les meilleures communaut\u00e9s pour retrait\u00e9s et, prodiguons des soins et des services exemplaires aux personnes \u00e2g\u00e9es. Pour plus amples renseignements, s&rsquo;il vous pla\u00eet visitez notre site Web \u00e0 www.asc.hellowebsites.ca.<\/p>\n<p>Pour des renseignements g\u00e9n\u00e9raux, veuillez communiquer avec:<br \/>\nJoshua Kuhl, Vice-Pr\u00e9sident s\u00e9nior des op\u00e9rations, courriel jkuhl@asc.hellowebsites.ca ou appeler le 416-929-1328.<\/p>\n","protected":false},"excerpt":{"rendered":"<p>Jeudi, 8 septembre, repr\u00e9sentants du gouvernement, chefs spirituels et membres de la communaut\u00e9 assisteront \u00e0 l\u2019ouverture officielle de la R\u00e9sidence <\/p>\n<p> <a class=\"link-read-article tp-button\" href=\"https:\/\/asc.hellowebsites.ca\/fr\/inauguration-residence-pour-retraites-chapel-hill-demain\/\">read more<\/a><\/p>\n","protected":false},"author":10,"featured_media":0,"comment_status":"open","ping_status":"open","sticky":false,"template":"","format":"standard","meta":{"_acf_changed":false,"_lmt_disableupdate":"","_lmt_disable":"","footnotes":""},"categories":[2],"tags":[],"class_list":["post-5800","post","type-post","status-publish","format-standard","hentry","category-non-classifiee"],"acf":[],"yoast_head":"<!-- This site is optimized with the Yoast SEO plugin v23.9 - https:\/\/yoast.com\/wordpress\/plugins\/seo\/ -->\n<title>Inauguration \u2013 R\u00e9sidence pour retrait\u00e9s Chapel Hill! &#8211; All Seniors Care<\/title>\n<meta name=\"robots\" content=\"noindex, follow, max-snippet:-1, max-image-preview:large, max-video-preview:-1\" \/>\n<meta property=\"og:locale\" content=\"fr_FR\" \/>\n<meta property=\"og:type\" content=\"article\" \/>\n<meta property=\"og:title\" content=\"Inauguration \u2013 R\u00e9sidence pour retrait\u00e9s Chapel Hill! &#8211; All Seniors Care\" \/>\n<meta property=\"og:description\" content=\"Jeudi, 8 septembre, repr\u00e9sentants du gouvernement, chefs spirituels et membres de la communaut\u00e9 assisteront \u00e0 l\u2019ouverture officielle de la R\u00e9sidence  read more\" \/>\n<meta property=\"og:url\" content=\"https:\/\/asc.hellowebsites.ca\/fr\/inauguration-residence-pour-retraites-chapel-hill-demain\/\" \/>\n<meta property=\"og:site_name\" content=\"All Seniors Care\" \/>\n<meta property=\"article:publisher\" content=\"https:\/\/www.facebook.com\/allseniorscare\/?fref=ts\" \/>\n<meta property=\"article:published_time\" content=\"2016-09-08T13:35:23+00:00\" \/>\n<meta property=\"article:modified_time\" content=\"2016-09-12T13:59:23+00:00\" \/>\n<meta name=\"author\" content=\"Bruce Lillie\" \/>\n<meta name=\"twitter:card\" content=\"summary_large_image\" \/>\n<meta name=\"twitter:creator\" content=\"@AllSeniorsCare\" \/>\n<meta name=\"twitter:site\" content=\"@AllSeniorsCare\" \/>\n<meta name=\"twitter:label1\" content=\"\u00c9crit par\" \/>\n\t<meta name=\"twitter:data1\" content=\"Bruce Lillie\" \/>\n\t<meta name=\"twitter:label2\" content=\"Dur\u00e9e de lecture estim\u00e9e\" \/>\n\t<meta name=\"twitter:data2\" content=\"1 minute\" \/>\n<script type=\"application\/ld+json\" class=\"yoast-schema-graph\">{\"@context\":\"https:\/\/schema.org\",\"@graph\":[{\"@type\":\"Article\",\"@id\":\"https:\/\/asc.hellowebsites.ca\/fr\/inauguration-residence-pour-retraites-chapel-hill-demain\/#article\",\"isPartOf\":{\"@id\":\"https:\/\/asc.hellowebsites.ca\/fr\/inauguration-residence-pour-retraites-chapel-hill-demain\/\"},\"author\":{\"name\":\"Bruce Lillie\",\"@id\":\"https:\/\/asc.hellowebsites.ca\/#\/schema\/person\/4e8c6568e63b9cadc18f5f9eb96db264\"},\"headline\":\"Inauguration \u2013 R\u00e9sidence pour retrait\u00e9s Chapel Hill!\",\"datePublished\":\"2016-09-08T13:35:23+00:00\",\"dateModified\":\"2016-09-12T13:59:23+00:00\",\"mainEntityOfPage\":{\"@id\":\"https:\/\/asc.hellowebsites.ca\/fr\/inauguration-residence-pour-retraites-chapel-hill-demain\/\"},\"wordCount\":303,\"commentCount\":0,\"publisher\":{\"@id\":\"https:\/\/asc.hellowebsites.ca\/#organization\"},\"articleSection\":[\"Non classifi\u00e9(e)\"],\"inLanguage\":\"fr-FR\",\"potentialAction\":[{\"@type\":\"CommentAction\",\"name\":\"Comment\",\"target\":[\"https:\/\/asc.hellowebsites.ca\/fr\/inauguration-residence-pour-retraites-chapel-hill-demain\/#respond\"]}]},{\"@type\":\"WebPage\",\"@id\":\"https:\/\/asc.hellowebsites.ca\/fr\/inauguration-residence-pour-retraites-chapel-hill-demain\/\",\"url\":\"https:\/\/asc.hellowebsites.ca\/fr\/inauguration-residence-pour-retraites-chapel-hill-demain\/\",\"name\":\"Inauguration \u2013 R\u00e9sidence pour retrait\u00e9s Chapel Hill! &#8211; All Seniors Care\",\"isPartOf\":{\"@id\":\"https:\/\/asc.hellowebsites.ca\/#website\"},\"datePublished\":\"2016-09-08T13:35:23+00:00\",\"dateModified\":\"2016-09-12T13:59:23+00:00\",\"breadcrumb\":{\"@id\":\"https:\/\/asc.hellowebsites.ca\/fr\/inauguration-residence-pour-retraites-chapel-hill-demain\/#breadcrumb\"},\"inLanguage\":\"fr-FR\",\"potentialAction\":[{\"@type\":\"ReadAction\",\"target\":[\"https:\/\/asc.hellowebsites.ca\/fr\/inauguration-residence-pour-retraites-chapel-hill-demain\/\"]}]},{\"@type\":\"BreadcrumbList\",\"@id\":\"https:\/\/asc.hellowebsites.ca\/fr\/inauguration-residence-pour-retraites-chapel-hill-demain\/#breadcrumb\",\"itemListElement\":[{\"@type\":\"ListItem\",\"position\":1,\"name\":\"Home\",\"item\":\"https:\/\/asc.hellowebsites.ca\/fr\/\"},{\"@type\":\"ListItem\",\"position\":2,\"name\":\"Inauguration \u2013 R\u00e9sidence pour retrait\u00e9s Chapel Hill!\"}]},{\"@type\":\"WebSite\",\"@id\":\"https:\/\/asc.hellowebsites.ca\/#website\",\"url\":\"https:\/\/asc.hellowebsites.ca\/\",\"name\":\"All Seniors Care\",\"description\":\"Where caring is our number one concern. \u2122\",\"publisher\":{\"@id\":\"https:\/\/asc.hellowebsites.ca\/#organization\"},\"potentialAction\":[{\"@type\":\"SearchAction\",\"target\":{\"@type\":\"EntryPoint\",\"urlTemplate\":\"https:\/\/asc.hellowebsites.ca\/?s={search_term_string}\"},\"query-input\":{\"@type\":\"PropertyValueSpecification\",\"valueRequired\":true,\"valueName\":\"search_term_string\"}}],\"inLanguage\":\"fr-FR\"},{\"@type\":\"Organization\",\"@id\":\"https:\/\/asc.hellowebsites.ca\/#organization\",\"name\":\"All Seniors Care\",\"url\":\"https:\/\/asc.hellowebsites.ca\/\",\"logo\":{\"@type\":\"ImageObject\",\"inLanguage\":\"fr-FR\",\"@id\":\"https:\/\/asc.hellowebsites.ca\/#\/schema\/logo\/image\/\",\"url\":\"https:\/\/asc.hellowebsites.ca\/wp-content\/uploads\/2018\/11\/ASC-Logo-Square-1.jpg\",\"contentUrl\":\"https:\/\/asc.hellowebsites.ca\/wp-content\/uploads\/2018\/11\/ASC-Logo-Square-1.jpg\",\"width\":400,\"height\":400,\"caption\":\"All Seniors Care\"},\"image\":{\"@id\":\"https:\/\/asc.hellowebsites.ca\/#\/schema\/logo\/image\/\"},\"sameAs\":[\"https:\/\/www.facebook.com\/allseniorscare\/?fref=ts\",\"https:\/\/x.com\/AllSeniorsCare\",\"https:\/\/www.instagram.com\/allseniorscarelivingcentres\/\",\"https:\/\/www.linkedin.com\/company\/all-seniors-care-living-centres\/?trk=top_nav_home\",\"https:\/\/vm.tiktok.com\/ZSXafuYd\/\",\"https:\/\/www.youtube.com\/user\/allseniorscarelc\"]},{\"@type\":\"Person\",\"@id\":\"https:\/\/asc.hellowebsites.ca\/#\/schema\/person\/4e8c6568e63b9cadc18f5f9eb96db264\",\"name\":\"Bruce Lillie\",\"image\":{\"@type\":\"ImageObject\",\"inLanguage\":\"fr-FR\",\"@id\":\"https:\/\/asc.hellowebsites.ca\/#\/schema\/person\/image\/\",\"url\":\"https:\/\/secure.gravatar.com\/avatar\/bf1d39a1475ba8b99ebd0a35f9aff26c397decd268d77fc9da7b7f929facbf2c?s=96&d=mm&r=g\",\"contentUrl\":\"https:\/\/secure.gravatar.com\/avatar\/bf1d39a1475ba8b99ebd0a35f9aff26c397decd268d77fc9da7b7f929facbf2c?s=96&d=mm&r=g\",\"caption\":\"Bruce Lillie\"},\"url\":\"https:\/\/asc.hellowebsites.ca\/fr\/author\/bruce\/\"}]}<\/script>\n<!-- \/ Yoast SEO plugin. -->","yoast_head_json":{"title":"Inauguration \u2013 R\u00e9sidence pour retrait\u00e9s Chapel Hill! &#8211; All Seniors Care","robots":{"index":"noindex","follow":"follow","max-snippet":"max-snippet:-1","max-image-preview":"max-image-preview:large","max-video-preview":"max-video-preview:-1"},"og_locale":"fr_FR","og_type":"article","og_title":"Inauguration \u2013 R\u00e9sidence pour retrait\u00e9s Chapel Hill! &#8211; All Seniors Care","og_description":"Jeudi, 8 septembre, repr\u00e9sentants du gouvernement, chefs spirituels et membres de la communaut\u00e9 assisteront \u00e0 l\u2019ouverture officielle de la R\u00e9sidence  read more","og_url":"https:\/\/asc.hellowebsites.ca\/fr\/inauguration-residence-pour-retraites-chapel-hill-demain\/","og_site_name":"All Seniors Care","article_publisher":"https:\/\/www.facebook.com\/allseniorscare\/?fref=ts","article_published_time":"2016-09-08T13:35:23+00:00","article_modified_time":"2016-09-12T13:59:23+00:00","author":"Bruce Lillie","twitter_card":"summary_large_image","twitter_creator":"@AllSeniorsCare","twitter_site":"@AllSeniorsCare","twitter_misc":{"\u00c9crit par":"Bruce Lillie","Dur\u00e9e de lecture estim\u00e9e":"1 minute"},"schema":{"@context":"https:\/\/schema.org","@graph":[{"@type":"Article","@id":"https:\/\/asc.hellowebsites.ca\/fr\/inauguration-residence-pour-retraites-chapel-hill-demain\/#article","isPartOf":{"@id":"https:\/\/asc.hellowebsites.ca\/fr\/inauguration-residence-pour-retraites-chapel-hill-demain\/"},"author":{"name":"Bruce Lillie","@id":"https:\/\/asc.hellowebsites.ca\/#\/schema\/person\/4e8c6568e63b9cadc18f5f9eb96db264"},"headline":"Inauguration \u2013 R\u00e9sidence pour retrait\u00e9s Chapel Hill!","datePublished":"2016-09-08T13:35:23+00:00","dateModified":"2016-09-12T13:59:23+00:00","mainEntityOfPage":{"@id":"https:\/\/asc.hellowebsites.ca\/fr\/inauguration-residence-pour-retraites-chapel-hill-demain\/"},"wordCount":303,"commentCount":0,"publisher":{"@id":"https:\/\/asc.hellowebsites.ca\/#organization"},"articleSection":["Non classifi\u00e9(e)"],"inLanguage":"fr-FR","potentialAction":[{"@type":"CommentAction","name":"Comment","target":["https:\/\/asc.hellowebsites.ca\/fr\/inauguration-residence-pour-retraites-chapel-hill-demain\/#respond"]}]},{"@type":"WebPage","@id":"https:\/\/asc.hellowebsites.ca\/fr\/inauguration-residence-pour-retraites-chapel-hill-demain\/","url":"https:\/\/asc.hellowebsites.ca\/fr\/inauguration-residence-pour-retraites-chapel-hill-demain\/","name":"Inauguration \u2013 R\u00e9sidence pour retrait\u00e9s Chapel Hill! &#8211; All Seniors Care","isPartOf":{"@id":"https:\/\/asc.hellowebsites.ca\/#website"},"datePublished":"2016-09-08T13:35:23+00:00","dateModified":"2016-09-12T13:59:23+00:00","breadcrumb":{"@id":"https:\/\/asc.hellowebsites.ca\/fr\/inauguration-residence-pour-retraites-chapel-hill-demain\/#breadcrumb"},"inLanguage":"fr-FR","potentialAction":[{"@type":"ReadAction","target":["https:\/\/asc.hellowebsites.ca\/fr\/inauguration-residence-pour-retraites-chapel-hill-demain\/"]}]},{"@type":"BreadcrumbList","@id":"https:\/\/asc.hellowebsites.ca\/fr\/inauguration-residence-pour-retraites-chapel-hill-demain\/#breadcrumb","itemListElement":[{"@type":"ListItem","position":1,"name":"Home","item":"https:\/\/asc.hellowebsites.ca\/fr\/"},{"@type":"ListItem","position":2,"name":"Inauguration \u2013 R\u00e9sidence pour retrait\u00e9s Chapel Hill!"}]},{"@type":"WebSite","@id":"https:\/\/asc.hellowebsites.ca\/#website","url":"https:\/\/asc.hellowebsites.ca\/","name":"All Seniors Care","description":"Where caring is our number one concern. \u2122","publisher":{"@id":"https:\/\/asc.hellowebsites.ca\/#organization"},"potentialAction":[{"@type":"SearchAction","target":{"@type":"EntryPoint","urlTemplate":"https:\/\/asc.hellowebsites.ca\/?s={search_term_string}"},"query-input":{"@type":"PropertyValueSpecification","valueRequired":true,"valueName":"search_term_string"}}],"inLanguage":"fr-FR"},{"@type":"Organization","@id":"https:\/\/asc.hellowebsites.ca\/#organization","name":"All Seniors Care","url":"https:\/\/asc.hellowebsites.ca\/","logo":{"@type":"ImageObject","inLanguage":"fr-FR","@id":"https:\/\/asc.hellowebsites.ca\/#\/schema\/logo\/image\/","url":"https:\/\/asc.hellowebsites.ca\/wp-content\/uploads\/2018\/11\/ASC-Logo-Square-1.jpg","contentUrl":"https:\/\/asc.hellowebsites.ca\/wp-content\/uploads\/2018\/11\/ASC-Logo-Square-1.jpg","width":400,"height":400,"caption":"All Seniors Care"},"image":{"@id":"https:\/\/asc.hellowebsites.ca\/#\/schema\/logo\/image\/"},"sameAs":["https:\/\/www.facebook.com\/allseniorscare\/?fref=ts","https:\/\/x.com\/AllSeniorsCare","https:\/\/www.instagram.com\/allseniorscarelivingcentres\/","https:\/\/www.linkedin.com\/company\/all-seniors-care-living-centres\/?trk=top_nav_home","https:\/\/vm.tiktok.com\/ZSXafuYd\/","https:\/\/www.youtube.com\/user\/allseniorscarelc"]},{"@type":"Person","@id":"https:\/\/asc.hellowebsites.ca\/#\/schema\/person\/4e8c6568e63b9cadc18f5f9eb96db264","name":"Bruce Lillie","image":{"@type":"ImageObject","inLanguage":"fr-FR","@id":"https:\/\/asc.hellowebsites.ca\/#\/schema\/person\/image\/","url":"https:\/\/secure.gravatar.com\/avatar\/bf1d39a1475ba8b99ebd0a35f9aff26c397decd268d77fc9da7b7f929facbf2c?s=96&d=mm&r=g","contentUrl":"https:\/\/secure.gravatar.com\/avatar\/bf1d39a1475ba8b99ebd0a35f9aff26c397decd268d77fc9da7b7f929facbf2c?s=96&d=mm&r=g","caption":"Bruce Lillie"},"url":"https:\/\/asc.hellowebsites.ca\/fr\/author\/bruce\/"}]}},"modified_by":null,"_links":{"self":[{"href":"https:\/\/asc.hellowebsites.ca\/fr\/wp-json\/wp\/v2\/posts\/5800","targetHints":{"allow":["GET"]}}],"collection":[{"href":"https:\/\/asc.hellowebsites.ca\/fr\/wp-json\/wp\/v2\/posts"}],"about":[{"href":"https:\/\/asc.hellowebsites.ca\/fr\/wp-json\/wp\/v2\/types\/post"}],"author":[{"embeddable":true,"href":"https:\/\/asc.hellowebsites.ca\/fr\/wp-json\/wp\/v2\/users\/10"}],"replies":[{"embeddable":true,"href":"https:\/\/asc.hellowebsites.ca\/fr\/wp-json\/wp\/v2\/comments?post=5800"}],"version-history":[{"count":0,"href":"https:\/\/asc.hellowebsites.ca\/fr\/wp-json\/wp\/v2\/posts\/5800\/revisions"}],"wp:attachment":[{"href":"https:\/\/asc.hellowebsites.ca\/fr\/wp-json\/wp\/v2\/media?parent=5800"}],"wp:term":[{"taxonomy":"category","embeddable":true,"href":"https:\/\/asc.hellowebsites.ca\/fr\/wp-json\/wp\/v2\/categories?post=5800"},{"taxonomy":"post_tag","embeddable":true,"href":"https:\/\/asc.hellowebsites.ca\/fr\/wp-json\/wp\/v2\/tags?post=5800"}],"curies":[{"name":"wp","href":"https:\/\/api.w.org\/{rel}","templated":true}]}}